{"id":1428,"date":"2023-11-06T16:02:46","date_gmt":"2023-11-06T16:02:46","guid":{"rendered":"https:\/\/www.bufetededamas.com\/blog\/?p=1428"},"modified":"2024-02-05T10:16:49","modified_gmt":"2024-02-05T10:16:49","slug":"preaviso-de-baja-voluntaria","status":"publish","type":"post","link":"https:\/\/www.bufetededamas.com\/blog\/preaviso-de-baja-voluntaria\/","title":{"rendered":"Preaviso de Baja Voluntaria"},"content":{"rendered":"<p><span style=\"font-weight: 400;\">El preaviso de baja voluntaria es un<\/span><b> instrumento a trav\u00e9s del cual se pone fin a la relaci\u00f3n laboral entre trabajador y empresario.<\/b><span style=\"font-weight: 400;\"> Esta medida no es tan b\u00e1sica como puede ser comunicar la intenci\u00f3n de dejar la empresa y nada m\u00e1s, al contrario, <\/span><b>est\u00e1 sujeta a ciertos requisitos y plazos<\/b><span style=\"font-weight: 400;\"> que deben cumplirse para garantizar una transici\u00f3n laboral correcta. En este art\u00edculo, veremos a fondo qu\u00e9 implica el preaviso de baja voluntaria y c\u00f3mo afecta tanto al trabajador como al empresario en el \u00e1mbito legal y contractual.<\/span><\/p>\n<div id=\"ez-toc-container\" class=\"ez-toc-v2_0_75 counter-hierarchy ez-toc-counter ez-toc-grey ez-toc-container-direction\">\n<div class=\"ez-toc-title-container\">\n<p class=\"ez-toc-title\" style=\"cursor:inherit\">Table of Contents<\/p>\n<span class=\"ez-toc-title-toggle\"><a href=\"#\" class=\"ez-toc-pull-right ez-toc-btn ez-toc-btn-xs ez-toc-btn-default ez-toc-toggle\" aria-label=\"Alternar tabla de contenidos\"><span class=\"ez-toc-js-icon-con\"><span class=\"\"><span class=\"eztoc-hide\" style=\"display:none;\">Toggle<\/span><span class=\"ez-toc-icon-toggle-span\"><svg style=\"fill: #999;color:#999\" xmlns=\"http:\/\/www.w3.org\/2000\/svg\" class=\"list-377408\" width=\"20px\" height=\"20px\" viewBox=\"0 0 24 24\" fill=\"none\"><path d=\"M6 6H4v2h2V6zm14 0H8v2h12V6zM4 11h2v2H4v-2zm16 0H8v2h12v-2zM4 16h2v2H4v-2zm16 0H8v2h12v-2z\" fill=\"currentColor\"><\/path><\/svg><svg style=\"fill: #999;color:#999\" class=\"arrow-unsorted-368013\" xmlns=\"http:\/\/www.w3.org\/2000\/svg\" width=\"10px\" height=\"10px\" viewBox=\"0 0 24 24\" version=\"1.2\" baseProfile=\"tiny\"><path d=\"M18.2 9.3l-6.2-6.3-6.2 6.3c-.2.2-.3.4-.3.7s.1.5.3.7c.2.2.4.3.7.3h11c.3 0 .5-.1.7-.3.2-.2.3-.5.3-.7s-.1-.5-.3-.7zM5.8 14.7l6.2 6.3 6.2-6.3c.2-.2.3-.5.3-.7s-.1-.5-.3-.7c-.2-.2-.4-.3-.7-.3h-11c-.3 0-.5.1-.7.3-.2.2-.3.5-.3.7s.1.5.3.7z\"\/><\/svg><\/span><\/span><\/span><\/a><\/span><\/div>\n<nav><ul class='ez-toc-list ez-toc-list-level-1 ' ><li class='ez-toc-page-1 ez-toc-heading-level-2'><a class=\"ez-toc-link ez-toc-heading-1\" href=\"https:\/\/www.bufetededamas.com\/blog\/preaviso-de-baja-voluntaria\/#%C2%BFQue_es_el_preaviso_por_baja_voluntaria\" >\u00bfQu\u00e9 es el preaviso por baja voluntaria?<\/a><ul class='ez-toc-list-level-3' ><li class='ez-toc-heading-level-3'><a class=\"ez-toc-link ez-toc-heading-2\" href=\"https:\/\/www.bufetededamas.com\/blog\/preaviso-de-baja-voluntaria\/#%C2%BFQue_datos_debe_incluir_la_carta_de_preaviso_por_baja_voluntaria\" >\u00bfQu\u00e9 datos debe incluir la carta de preaviso por baja voluntaria?\u00a0<\/a><\/li><\/ul><\/li><li class='ez-toc-page-1 ez-toc-heading-level-2'><a class=\"ez-toc-link ez-toc-heading-3\" href=\"https:\/\/www.bufetededamas.com\/blog\/preaviso-de-baja-voluntaria\/#Tiempo_de_preaviso_de_una_baja_voluntaria\" >Tiempo de preaviso de una baja voluntaria<\/a><ul class='ez-toc-list-level-3' ><li class='ez-toc-heading-level-3'><a class=\"ez-toc-link ez-toc-heading-4\" href=\"https:\/\/www.bufetededamas.com\/blog\/preaviso-de-baja-voluntaria\/#15_dias_de_preaviso_de_baja_voluntaria_%C2%BFNaturales_o_laborables\" >15 d\u00edas de preaviso de baja voluntaria: \u00bfNaturales o laborables?<\/a><\/li><li class='ez-toc-page-1 ez-toc-heading-level-3'><a class=\"ez-toc-link ez-toc-heading-5\" href=\"https:\/\/www.bufetededamas.com\/blog\/preaviso-de-baja-voluntaria\/#%C2%BFQue_sucede_si_el_trabajador_no_comunica_la_baja_voluntaria_con_los_15_dias_de_antelacion\" >\u00bfQu\u00e9 sucede si el trabajador no comunica la baja voluntaria con los 15 d\u00edas de antelaci\u00f3n?<\/a><\/li><\/ul><\/li><li class='ez-toc-page-1 ez-toc-heading-level-2'><a class=\"ez-toc-link ez-toc-heading-6\" href=\"https:\/\/www.bufetededamas.com\/blog\/preaviso-de-baja-voluntaria\/#%C2%BFPuede_el_trabajador_retractarse_de_su_baja_voluntaria\" >\u00bfPuede el trabajador retractarse de su baja voluntaria?<\/a><\/li><\/ul><\/nav><\/div>\n<h2><span class=\"ez-toc-section\" id=\"%C2%BFQue_es_el_preaviso_por_baja_voluntaria\"><\/span><span style=\"font-weight: 400;\">\u00bfQu\u00e9 es el preaviso por baja voluntaria?<\/span><span class=\"ez-toc-section-end\"><\/span><\/h2>\n<p><span style=\"font-weight: 400;\">El preaviso por baja voluntaria es una <\/span><b>notificaci\u00f3n formal<\/b><span style=\"font-weight: 400;\"> que un trabajador presenta a su empresario para manifestar su <\/span><b>intenci\u00f3n de dejar su puesto de trabajo<\/b><span style=\"font-weight: 400;\"> en una <\/span><b>fecha concreta.<\/b> <b>Esta notificaci\u00f3n<\/b><span style=\"font-weight: 400;\"> previa es fundamental para asegurar que haya una <\/span><b>adecuada transici\u00f3n laboral, <\/b><span style=\"font-weight: 400;\">tanto para el trabajador como para el empresario. En este ep\u00edgrafe, <\/span><b>veremos el fin <\/b><span style=\"font-weight: 400;\">y las implicaciones <\/span><b>de este preaviso<\/b><span style=\"font-weight: 400;\"> cuando queremos poner fin a nuestra relaci\u00f3n laboral rescindiendo unilateralmente nuestro contrato laboral.<\/span><\/p>\n<blockquote><p><span style=\"font-weight: 400;\">En Bufete de Damas somos <\/span><a href=\"https:\/\/www.bufetededamas.com\/servicios\/abogado-laboral-malaga.html\"><span style=\"font-weight: 400;\">especialistas en derecho laboral<\/span><\/a><span style=\"font-weight: 400;\">. Cont\u00e1ctenos para obtener m\u00e1s informaci\u00f3n sobre bajas voluntarias y encuentra la correcta soluci\u00f3n jur\u00eddica.<\/span><\/p><\/blockquote>\n<h3><span class=\"ez-toc-section\" id=\"%C2%BFQue_datos_debe_incluir_la_carta_de_preaviso_por_baja_voluntaria\"><\/span><span style=\"font-weight: 400;\">\u00bfQu\u00e9 datos debe incluir la carta de preaviso por baja voluntaria?<\/span><span style=\"font-weight: 400;\">\u00a0<\/span><span class=\"ez-toc-section-end\"><\/span><\/h3>\n<p><span style=\"font-weight: 400;\">En cuanto a los datos de la carta, se\u00f1alar que la carta de preaviso por baja voluntaria debe contener cierta informaci\u00f3n b\u00e1sica para garantizar que se de una comunicaci\u00f3n clara y concisa entre el trabajador y empresario. Al redactar la carta, esta debe incluir los siguientes datos:<\/span><span style=\"font-weight: 400;\">\u00a0<\/span><\/p>\n<ul>\n<li style=\"font-weight: 400;\" aria-level=\"1\"><b>Nombre y apellidos del trabajador:<\/b><span style=\"font-weight: 400;\"> Para identificar al remitente de la carta.<\/span><\/li>\n<li style=\"font-weight: 400;\" aria-level=\"1\"><b>DNI: <\/b><span style=\"font-weight: 400;\">N\u00famero de Documento Nacional de Identidad del trabajador para asegurar su identidad de manera oficial.<\/span><\/li>\n<li style=\"font-weight: 400;\" aria-level=\"1\"><b>Puesto que ostenta en la empresa:<\/b><span style=\"font-weight: 400;\"> Indicaci\u00f3n del cargo que ocupa en la empresa<\/span><\/li>\n<li style=\"font-weight: 400;\" aria-level=\"1\"><b>Fecha en la que ha redactado la carta:<\/b><span style=\"font-weight: 400;\"> Para establecer el momento en que se escribi\u00f3 la carta con la finalidad de renunciar.<\/span><\/li>\n<li style=\"font-weight: 400;\" aria-level=\"1\"><b>Fecha en la que entrar\u00e1 en vigor su dimisi\u00f3n:<\/b><span style=\"font-weight: 400;\"> Determinar la fecha exacta en el que el trabajador va a dejar su puesto de trabajo\u00a0<\/span><\/li>\n<li style=\"font-weight: 400;\" aria-level=\"1\"><b>Firma del empleado: <\/b><span style=\"font-weight: 400;\">Para acreditar efectivamente y de forma oficial la carta por parte del trabajador.<\/span><\/li>\n<\/ul>\n<p><span style=\"font-weight: 400;\">\u00a0<\/span><span style=\"font-weight: 400;\">Estos datos son claves para garantizar una notificaci\u00f3n eficaz y cumplir con los requisitos legales y contractuales al notificar la decisi\u00f3n de baja voluntaria.<\/span><\/p>\n<h2><span class=\"ez-toc-section\" id=\"Tiempo_de_preaviso_de_una_baja_voluntaria\"><\/span><span style=\"font-weight: 400;\">Tiempo de preaviso de una baja voluntaria<\/span><span class=\"ez-toc-section-end\"><\/span><\/h2>\n<p><span style=\"font-weight: 400;\">El tiempo de preaviso en una baja voluntaria es un requisito fundamental a la hora de asegurar una transici\u00f3n laboral adecuada tanto para el trabajador como para el empresario. Aunque <\/span><b>el Estatuto de los Trabajadores no recoge un plazo exacto<\/b><span style=\"font-weight: 400;\"> para realizar el preaviso, los diferentes convenios colectivos de los distintos sectores laborales s\u00ed recogen cierto plazo para realizar el preaviso.<\/span><span style=\"font-weight: 400;\">\u00a0<\/span><\/p>\n<p><span style=\"font-weight: 400;\">En este sentido, debemos destacar que, en el caso de que el convenio colectivo aplicable no establezca un plazo de preaviso, <\/span><b>se especifica un plazo general de 15 d\u00edas<\/b><span style=\"font-weight: 400;\"> a contar de la fecha en que el trabajador comunica su decisi\u00f3n a la empresa.<\/span><\/p>\n<h3><span class=\"ez-toc-section\" id=\"15_dias_de_preaviso_de_baja_voluntaria_%C2%BFNaturales_o_laborables\"><\/span><span style=\"font-weight: 400;\">15 d\u00edas de preaviso de baja voluntaria: \u00bfNaturales o laborables?<\/span><span class=\"ez-toc-section-end\"><\/span><\/h3>\n<p><b>Este plazo de preaviso de 15 d\u00edas debe entenderse en d\u00edas naturales, lo que equivale a dos semanas.<\/b><span style=\"font-weight: 400;\"> No obstante, recordar que este <\/span><b>plazo puede ser mayor si as\u00ed lo establece el convenio colectivo <\/b><span style=\"font-weight: 400;\">o si el trabajador decide comunicar su intenci\u00f3n de resolver el contrato con mayor anticipaci\u00f3n.<\/span><span style=\"font-weight: 400;\">\u00a0<\/span><\/p>\n<p><span style=\"font-weight: 400;\">A continuaci\u00f3n, entraremos en detalle respecto a la relevancia del tiempo de preaviso en una baja voluntaria y c\u00f3mo afecta tanto a los trabajadores como a los empresarios.<\/span><\/p>\n<h3><span class=\"ez-toc-section\" id=\"%C2%BFQue_sucede_si_el_trabajador_no_comunica_la_baja_voluntaria_con_los_15_dias_de_antelacion\"><\/span><span style=\"font-weight: 400;\">\u00bfQu\u00e9 sucede si el trabajador no comunica la baja voluntaria con los 15 d\u00edas de antelaci\u00f3n?<\/span><span class=\"ez-toc-section-end\"><\/span><\/h3>\n<p><span style=\"font-weight: 400;\">En el caso de que un trabajador no notifique su baja voluntaria con al menos 15 d\u00edas de antelaci\u00f3n, est\u00e1 incumpliendo el per\u00edodo de preaviso. Este incumplimiento<\/span><b> puede tener varias consecuencias <\/b><span style=\"font-weight: 400;\">tanto para el trabajador como para el empresario:<\/span><\/p>\n<ul>\n<li style=\"font-weight: 400;\" aria-level=\"1\"><b>Descuento en el finiquito:<\/b><span style=\"font-weight: 400;\"> El empresario ante el incumplimiento del paso del preaviso de 15 d\u00edas tendr\u00e1 derecho a descontar del finiquito los salarios correspondientes a los d\u00edas que el trabajador no cumpli\u00f3 con el preaviso. Este descuento es una compensaci\u00f3n por el incumplimiento del contrato y por incumplir el plazo de preaviso adecuado.<\/span><\/li>\n<\/ul>\n<ul>\n<li style=\"font-weight: 400;\" aria-level=\"1\"><b>Posibilidad de reclamaci\u00f3n de da\u00f1os y perjuicios:<\/b><span style=\"font-weight: 400;\"> En casos excepcionales, el empresario tiene la <\/span><b>opci\u00f3n de demandar al trabajador<\/b><span style=\"font-weight: 400;\"> para solicitar una compensaci\u00f3n por da\u00f1os y perjuicios por incumplimiento del preaviso. Estos da\u00f1os y perjuicios deben tener un valor econ\u00f3mico superior al del finiquito.<\/span><\/li>\n<\/ul>\n<p><span style=\"font-weight: 400;\">Es fundamental que<\/span><b> los trabajadores entiendan la importancia de cumplir con el per\u00edodo de preaviso<\/b><span style=\"font-weight: 400;\">, ya que el incumplimiento <\/span><b>puede tener repercusiones econ\u00f3micas y legales.<\/b><span style=\"font-weight: 400;\"> Adem\u00e1s, la \u00e9tica profesional y la responsabilidad laboral juegan un papel fundamental para resolver el contrato, y cumplir con los plazos establecidos es crucial para asegurar una relaci\u00f3n laboral positiva y profesional con el empresario.<\/span><\/p>\n<h2><span class=\"ez-toc-section\" id=\"%C2%BFPuede_el_trabajador_retractarse_de_su_baja_voluntaria\"><\/span><span style=\"font-weight: 400;\">\u00bfPuede el trabajador retractarse de su baja voluntaria?<\/span><span class=\"ez-toc-section-end\"><\/span><\/h2>\n<p><b>S\u00ed, el trabajador tiene el derecho de retractarse de su decisi\u00f3n de resolver el contrato siempre que lo haga antes de que llegue la fecha notificada.<\/b><span style=\"font-weight: 400;\"> Conforme el Estatuto de los Trabajadores, hasta que llegue la fecha recogida para la renuncia, <\/span><b>el trabajador puede retractarse de su decisi\u00f3n y cancelar la baja voluntaria.<\/b><span style=\"font-weight: 400;\"> Esto es importante ya que da mucha libertad y flexibilidad al trabajador, permiti\u00e9ndoles cambiar su decisi\u00f3n su elecci\u00f3n antes de que sea irreversible.<\/span><\/p>\n<p><span style=\"font-weight: 400;\">Es importante que <\/span><b>el trabajador<\/b><span style=\"font-weight: 400;\"> notifique su retractaci\u00f3n por escrito a la empresa <\/span><b>dentro del per\u00edodo de preaviso,<\/b><span style=\"font-weight: 400;\"> 15 d\u00edas, y antes de que llegue la fecha de renuncia inicialmente anunciada. Esta notificaci\u00f3n adicional es requisito indispensable para dejar constancia de la retractaci\u00f3n de la renuncia, asegurar un registro claro de la situaci\u00f3n y que <\/span><b>el empresario tenga tambi\u00e9n conocimiento de la retractaci\u00f3n.<\/b><\/p>\n<p><b>El derecho a retractarse ofrece a los trabajadores la posibilidad de cambiar su decisi\u00f3n de resolver el contrato<\/b><span style=\"font-weight: 400;\"> antes de que esta se haga efectiva. Este derecho fomenta la flexibilidad, el di\u00e1logo entre el trabajador y el empresario, y la buena comunicaci\u00f3n permitiendo una toma de decisiones informada.<\/span><\/p>\n<p><span style=\"font-weight: 400;\">En conclusi\u00f3n, el preaviso de baja voluntaria es<\/span><b> una fase esencial en el proceso de resolver el contrato por parte del trabajador renunciando as\u00ed a su puesto de trabajo<\/b><span style=\"font-weight: 400;\">. Desde sus fundamentos pasando por los datos necesarios que debe recoger la carta de preaviso, junto con los plazos y la posibilidad de retractarse, cada requisito es fundamental para una resoluci\u00f3n de contrato laboral efectiva y profesional.<\/span><\/p>\n","protected":false},"excerpt":{"rendered":"<p>El preaviso de baja voluntaria es un instrumento a trav\u00e9s del cual se pone fin a la relaci\u00f3n laboral entre trabajador y empresario. Esta medida no es tan b\u00e1sica como puede ser comunicar la intenci\u00f3n&#8230;<\/p>\n","protected":false},"author":1,"featured_media":1430,"comment_status":"closed","ping_status":"closed","sticky":false,"template":"","format":"standard","meta":{"_kad_post_transparent":"","_kad_post_title":"","_kad_post_layout":"","_kad_post_sidebar_id":"","_kad_post_content_style":"","_kad_post_vertical_padding":"","_kad_post_feature":"","_kad_post_feature_position":"","_kad_post_header":false,"_kad_post_footer":false,"footnotes":""},"categories":[66],"tags":[],"class_list":["post-1428","post","type-post","status-publish","format-standard","has-post-thumbnail","hentry","category-articulos-laboral"],"yoast_head":"<!-- This site is optimized with the Yoast SEO plugin v25.4 - https:\/\/yoast.com\/wordpress\/plugins\/seo\/ -->\n<title>Carta de Preaviso de Baja Voluntaria | Bufete de Damas<\/title>\n<meta name=\"description\" content=\"Descubre todos los aspectos necesarios para llevar a cabo una correcta transici\u00f3n laboral a trav\u00e9s de una carta de preaviso de baja voluntaria\" \/>\n<meta name=\"robots\" content=\"index, follow, max-snippet:-1, max-image-preview:large, max-video-preview:-1\" \/>\n<link rel=\"canonical\" href=\"https:\/\/www.bufetededamas.com\/blog\/preaviso-de-baja-voluntaria\/\" \/>\n<meta property=\"og:locale\" content=\"es_ES\" \/>\n<meta property=\"og:type\" content=\"article\" \/>\n<meta property=\"og:title\" content=\"Carta de Preaviso de Baja Voluntaria | Bufete de Damas\" \/>\n<meta property=\"og:description\" content=\"Descubre todos los aspectos necesarios para llevar a cabo una correcta transici\u00f3n laboral a trav\u00e9s de una carta de preaviso de baja voluntaria\" \/>\n<meta property=\"og:url\" content=\"https:\/\/www.bufetededamas.com\/blog\/preaviso-de-baja-voluntaria\/\" \/>\n<meta property=\"article:published_time\" content=\"2023-11-06T16:02:46+00:00\" \/>\n<meta property=\"article:modified_time\" content=\"2024-02-05T10:16:49+00:00\" \/>\n<meta property=\"og:image\" content=\"https:\/\/www.bufetededamas.com\/blog\/wp-content\/uploads\/2023\/11\/preaviso-de-baja-voluntaria.jpg\" \/>\n\t<meta property=\"og:image:width\" content=\"1000\" \/>\n\t<meta property=\"og:image:height\" content=\"562\" \/>\n\t<meta property=\"og:image:type\" content=\"image\/jpeg\" \/>\n<meta name=\"author\" content=\"Bufete de Damas\" \/>\n<meta name=\"twitter:card\" content=\"summary_large_image\" \/>\n<meta name=\"twitter:label1\" content=\"Escrito por\" \/>\n\t<meta name=\"twitter:data1\" content=\"Bufete de Damas\" \/>\n\t<meta name=\"twitter:label2\" content=\"Tiempo de lectura\" \/>\n\t<meta name=\"twitter:data2\" content=\"6 minutos\" \/>\n<script type=\"application\/ld+json\" class=\"yoast-schema-graph\">{\"@context\":\"https:\/\/schema.org\",\"@graph\":[{\"@type\":\"WebPage\",\"@id\":\"https:\/\/www.bufetededamas.com\/blog\/preaviso-de-baja-voluntaria\/\",\"url\":\"https:\/\/www.bufetededamas.com\/blog\/preaviso-de-baja-voluntaria\/\",\"name\":\"Carta de Preaviso de Baja Voluntaria | Bufete de Damas\",\"isPartOf\":{\"@id\":\"https:\/\/www.bufetededamas.com\/blog\/#website\"},\"primaryImageOfPage\":{\"@id\":\"https:\/\/www.bufetededamas.com\/blog\/preaviso-de-baja-voluntaria\/#primaryimage\"},\"image\":{\"@id\":\"https:\/\/www.bufetededamas.com\/blog\/preaviso-de-baja-voluntaria\/#primaryimage\"},\"thumbnailUrl\":\"https:\/\/www.bufetededamas.com\/blog\/wp-content\/uploads\/2023\/11\/preaviso-de-baja-voluntaria.jpg\",\"datePublished\":\"2023-11-06T16:02:46+00:00\",\"dateModified\":\"2024-02-05T10:16:49+00:00\",\"author\":{\"@id\":\"https:\/\/www.bufetededamas.com\/blog\/#\/schema\/person\/c5288ac667a8aa4df9e2e057a5984173\"},\"description\":\"Descubre todos los aspectos necesarios para llevar a cabo una correcta transici\u00f3n laboral a trav\u00e9s de una carta de preaviso de baja voluntaria\",\"breadcrumb\":{\"@id\":\"https:\/\/www.bufetededamas.com\/blog\/preaviso-de-baja-voluntaria\/#breadcrumb\"},\"inLanguage\":\"es\",\"potentialAction\":[{\"@type\":\"ReadAction\",\"target\":[\"https:\/\/www.bufetededamas.com\/blog\/preaviso-de-baja-voluntaria\/\"]}]},{\"@type\":\"ImageObject\",\"inLanguage\":\"es\",\"@id\":\"https:\/\/www.bufetededamas.com\/blog\/preaviso-de-baja-voluntaria\/#primaryimage\",\"url\":\"https:\/\/www.bufetededamas.com\/blog\/wp-content\/uploads\/2023\/11\/preaviso-de-baja-voluntaria.jpg\",\"contentUrl\":\"https:\/\/www.bufetededamas.com\/blog\/wp-content\/uploads\/2023\/11\/preaviso-de-baja-voluntaria.jpg\",\"width\":1000,\"height\":562,\"caption\":\"preaviso de baja voluntaria\"},{\"@type\":\"BreadcrumbList\",\"@id\":\"https:\/\/www.bufetededamas.com\/blog\/preaviso-de-baja-voluntaria\/#breadcrumb\",\"itemListElement\":[{\"@type\":\"ListItem\",\"position\":1,\"name\":\"Portada\",\"item\":\"https:\/\/www.bufetededamas.com\/blog\/\"},{\"@type\":\"ListItem\",\"position\":2,\"name\":\"Art\u00edculos sobre Derecho laboral\",\"item\":\"https:\/\/www.bufetededamas.com\/blog\/articulos-laboral\/\"},{\"@type\":\"ListItem\",\"position\":3,\"name\":\"Preaviso de Baja Voluntaria\"}]},{\"@type\":\"WebSite\",\"@id\":\"https:\/\/www.bufetededamas.com\/blog\/#website\",\"url\":\"https:\/\/www.bufetededamas.com\/blog\/\",\"name\":\"\",\"description\":\"Blog Abogados M\u00e1laga de Bufete de damas. Noticias sobre actualidad en derecho.\",\"potentialAction\":[{\"@type\":\"SearchAction\",\"target\":{\"@type\":\"EntryPoint\",\"urlTemplate\":\"https:\/\/www.bufetededamas.com\/blog\/?s={search_term_string}\"},\"query-input\":{\"@type\":\"PropertyValueSpecification\",\"valueRequired\":true,\"valueName\":\"search_term_string\"}}],\"inLanguage\":\"es\"},{\"@type\":\"Person\",\"@id\":\"https:\/\/www.bufetededamas.com\/blog\/#\/schema\/person\/c5288ac667a8aa4df9e2e057a5984173\",\"name\":\"Bufete de Damas\",\"image\":{\"@type\":\"ImageObject\",\"inLanguage\":\"es\",\"@id\":\"https:\/\/www.bufetededamas.com\/blog\/#\/schema\/person\/image\/\",\"url\":\"https:\/\/secure.gravatar.com\/avatar\/ec23eb53ba1a13d144f6fcbea274841e497769973445bcd289b607e45b5a8582?s=96&d=mm&r=g\",\"contentUrl\":\"https:\/\/secure.gravatar.com\/avatar\/ec23eb53ba1a13d144f6fcbea274841e497769973445bcd289b607e45b5a8582?s=96&d=mm&r=g\",\"caption\":\"Bufete de Damas\"}}]}<\/script>\n<!-- \/ Yoast SEO plugin. -->","yoast_head_json":{"title":"Carta de Preaviso de Baja Voluntaria | Bufete de Damas","description":"Descubre todos los aspectos necesarios para llevar a cabo una correcta transici\u00f3n laboral a trav\u00e9s de una carta de preaviso de baja voluntaria","robots":{"index":"index","follow":"follow","max-snippet":"max-snippet:-1","max-image-preview":"max-image-preview:large","max-video-preview":"max-video-preview:-1"},"canonical":"https:\/\/www.bufetededamas.com\/blog\/preaviso-de-baja-voluntaria\/","og_locale":"es_ES","og_type":"article","og_title":"Carta de Preaviso de Baja Voluntaria | Bufete de Damas","og_description":"Descubre todos los aspectos necesarios para llevar a cabo una correcta transici\u00f3n laboral a trav\u00e9s de una carta de preaviso de baja voluntaria","og_url":"https:\/\/www.bufetededamas.com\/blog\/preaviso-de-baja-voluntaria\/","article_published_time":"2023-11-06T16:02:46+00:00","article_modified_time":"2024-02-05T10:16:49+00:00","og_image":[{"width":1000,"height":562,"url":"https:\/\/www.bufetededamas.com\/blog\/wp-content\/uploads\/2023\/11\/preaviso-de-baja-voluntaria.jpg","type":"image\/jpeg"}],"author":"Bufete de Damas","twitter_card":"summary_large_image","twitter_misc":{"Escrito por":"Bufete de Damas","Tiempo de lectura":"6 minutos"},"schema":{"@context":"https:\/\/schema.org","@graph":[{"@type":"WebPage","@id":"https:\/\/www.bufetededamas.com\/blog\/preaviso-de-baja-voluntaria\/","url":"https:\/\/www.bufetededamas.com\/blog\/preaviso-de-baja-voluntaria\/","name":"Carta de Preaviso de Baja Voluntaria | Bufete de Damas","isPartOf":{"@id":"https:\/\/www.bufetededamas.com\/blog\/#website"},"primaryImageOfPage":{"@id":"https:\/\/www.bufetededamas.com\/blog\/preaviso-de-baja-voluntaria\/#primaryimage"},"image":{"@id":"https:\/\/www.bufetededamas.com\/blog\/preaviso-de-baja-voluntaria\/#primaryimage"},"thumbnailUrl":"https:\/\/www.bufetededamas.com\/blog\/wp-content\/uploads\/2023\/11\/preaviso-de-baja-voluntaria.jpg","datePublished":"2023-11-06T16:02:46+00:00","dateModified":"2024-02-05T10:16:49+00:00","author":{"@id":"https:\/\/www.bufetededamas.com\/blog\/#\/schema\/person\/c5288ac667a8aa4df9e2e057a5984173"},"description":"Descubre todos los aspectos necesarios para llevar a cabo una correcta transici\u00f3n laboral a trav\u00e9s de una carta de preaviso de baja voluntaria","breadcrumb":{"@id":"https:\/\/www.bufetededamas.com\/blog\/preaviso-de-baja-voluntaria\/#breadcrumb"},"inLanguage":"es","potentialAction":[{"@type":"ReadAction","target":["https:\/\/www.bufetededamas.com\/blog\/preaviso-de-baja-voluntaria\/"]}]},{"@type":"ImageObject","inLanguage":"es","@id":"https:\/\/www.bufetededamas.com\/blog\/preaviso-de-baja-voluntaria\/#primaryimage","url":"https:\/\/www.bufetededamas.com\/blog\/wp-content\/uploads\/2023\/11\/preaviso-de-baja-voluntaria.jpg","contentUrl":"https:\/\/www.bufetededamas.com\/blog\/wp-content\/uploads\/2023\/11\/preaviso-de-baja-voluntaria.jpg","width":1000,"height":562,"caption":"preaviso de baja voluntaria"},{"@type":"BreadcrumbList","@id":"https:\/\/www.bufetededamas.com\/blog\/preaviso-de-baja-voluntaria\/#breadcrumb","itemListElement":[{"@type":"ListItem","position":1,"name":"Portada","item":"https:\/\/www.bufetededamas.com\/blog\/"},{"@type":"ListItem","position":2,"name":"Art\u00edculos sobre Derecho laboral","item":"https:\/\/www.bufetededamas.com\/blog\/articulos-laboral\/"},{"@type":"ListItem","position":3,"name":"Preaviso de Baja Voluntaria"}]},{"@type":"WebSite","@id":"https:\/\/www.bufetededamas.com\/blog\/#website","url":"https:\/\/www.bufetededamas.com\/blog\/","name":"","description":"Blog Abogados M\u00e1laga de Bufete de damas. Noticias sobre actualidad en derecho.","potentialAction":[{"@type":"SearchAction","target":{"@type":"EntryPoint","urlTemplate":"https:\/\/www.bufetededamas.com\/blog\/?s={search_term_string}"},"query-input":{"@type":"PropertyValueSpecification","valueRequired":true,"valueName":"search_term_string"}}],"inLanguage":"es"},{"@type":"Person","@id":"https:\/\/www.bufetededamas.com\/blog\/#\/schema\/person\/c5288ac667a8aa4df9e2e057a5984173","name":"Bufete de Damas","image":{"@type":"ImageObject","inLanguage":"es","@id":"https:\/\/www.bufetededamas.com\/blog\/#\/schema\/person\/image\/","url":"https:\/\/secure.gravatar.com\/avatar\/ec23eb53ba1a13d144f6fcbea274841e497769973445bcd289b607e45b5a8582?s=96&d=mm&r=g","contentUrl":"https:\/\/secure.gravatar.com\/avatar\/ec23eb53ba1a13d144f6fcbea274841e497769973445bcd289b607e45b5a8582?s=96&d=mm&r=g","caption":"Bufete de Damas"}}]}},"_links":{"self":[{"href":"https:\/\/www.bufetededamas.com\/blog\/wp-json\/wp\/v2\/posts\/1428","targetHints":{"allow":["GET"]}}],"collection":[{"href":"https:\/\/www.bufetededamas.com\/blog\/wp-json\/wp\/v2\/posts"}],"about":[{"href":"https:\/\/www.bufetededamas.com\/blog\/wp-json\/wp\/v2\/types\/post"}],"author":[{"embeddable":true,"href":"https:\/\/www.bufetededamas.com\/blog\/wp-json\/wp\/v2\/users\/1"}],"replies":[{"embeddable":true,"href":"https:\/\/www.bufetededamas.com\/blog\/wp-json\/wp\/v2\/comments?post=1428"}],"version-history":[{"count":3,"href":"https:\/\/www.bufetededamas.com\/blog\/wp-json\/wp\/v2\/posts\/1428\/revisions"}],"predecessor-version":[{"id":1490,"href":"https:\/\/www.bufetededamas.com\/blog\/wp-json\/wp\/v2\/posts\/1428\/revisions\/1490"}],"wp:featuredmedia":[{"embeddable":true,"href":"https:\/\/www.bufetededamas.com\/blog\/wp-json\/wp\/v2\/media\/1430"}],"wp:attachment":[{"href":"https:\/\/www.bufetededamas.com\/blog\/wp-json\/wp\/v2\/media?parent=1428"}],"wp:term":[{"taxonomy":"category","embeddable":true,"href":"https:\/\/www.bufetededamas.com\/blog\/wp-json\/wp\/v2\/categories?post=1428"},{"taxonomy":"post_tag","embeddable":true,"href":"https:\/\/www.bufetededamas.com\/blog\/wp-json\/wp\/v2\/tags?post=1428"}],"curies":[{"name":"wp","href":"https:\/\/api.w.org\/{rel}","templated":true}]}}